{"id":543,"date":"2010-01-21T11:22:43","date_gmt":"2010-01-21T09:22:43","guid":{"rendered":"http:\/\/www.kinana.es\/wordpress\/?p=543"},"modified":"2011-02-16T15:09:18","modified_gmt":"2011-02-16T13:09:18","slug":"543","status":"publish","type":"post","link":"https:\/\/kinana.es\/wordpress\/543\/","title":{"rendered":""},"content":{"rendered":"<p><img loading=\"lazy\" class=\"alignnone size-full wp-image-236\" title=\"video\" src=\"https:\/\/kinana.es\/wordpress\/wp-content\/uploads\/2009\/05\/video.jpg\" alt=\"video\" width=\"862\" height=\"20\" srcset=\"https:\/\/kinana.es\/wordpress\/wp-content\/uploads\/2009\/05\/video.jpg 862w, https:\/\/kinana.es\/wordpress\/wp-content\/uploads\/2009\/05\/video-300x6.jpg 300w\" sizes=\"(max-width: 862px) 100vw, 862px\" \/><\/p>\n<p style=\"text-align: left;\"><strong>Animacion de gr\u00e1ficos para la exposici\u00f3n \u00abNavegando no Beagle\u00bb en el <a href=\"http:\/\/www.museodomar.com\/gl\/explora\/darwin-navegando-no-beagle\" target=\"_blank\">Museo Do Mar de Galicia<\/a>.<br \/>\n<\/strong>Animaci\u00f3n de gr\u00e1ficos originales de las expediciones de Darwin en Sudam\u00e9rica. La exposici\u00f3n conmemora el 150 aniversario de la teoria de la selecci\u00f3n natural de Drawin.<br \/>\nLos videos estan expuestos en varias pantallas distribuidas por la sala.<\/p>\n<p style=\"text-align: center;\"><object classid=\"clsid:d27cdb6e-ae6d-11cf-96b8-444553540000\" width=\"520\" height=\"430\" codebase=\"http:\/\/download.macromedia.com\/pub\/shockwave\/cabs\/flash\/swflash.cab#version=6,0,40,0\"><param name=\"data\" value=\"https:\/\/kinana.es\/wordpress\/flash\/09.swf\" \/><param name=\"src\" value=\"https:\/\/kinana.es\/wordpress\/flash\/09.swf\" \/><embed type=\"application\/x-shockwave-flash\" width=\"520\" height=\"430\" src=\"https:\/\/kinana.es\/wordpress\/flash\/09.swf\" data=\"https:\/\/kinana.es\/wordpress\/flash\/09.swf\"><\/embed><\/object><\/p>\n","protected":false},"excerpt":{"rendered":"<p>Animacion de gr\u00e1ficos para la exposici\u00f3n \u00abNavegando no Beagle\u00bb en el Museo Do Mar de Galicia. Animaci\u00f3n de gr\u00e1ficos originales de las expediciones de Darwin en Sudam\u00e9rica. La exposici\u00f3n conmemora&#8230;<\/p>\n","protected":false},"author":1,"featured_media":0,"comment_status":"closed","ping_status":"closed","sticky":false,"template":"","format":"standard","meta":[],"categories":[18,5],"tags":[],"_links":{"self":[{"href":"https:\/\/kinana.es\/wordpress\/wp-json\/wp\/v2\/posts\/543"}],"collection":[{"href":"https:\/\/kinana.es\/wordpress\/wp-json\/wp\/v2\/posts"}],"about":[{"href":"https:\/\/kinana.es\/wordpress\/wp-json\/wp\/v2\/types\/post"}],"author":[{"embeddable":true,"href":"https:\/\/kinana.es\/wordpress\/wp-json\/wp\/v2\/users\/1"}],"replies":[{"embeddable":true,"href":"https:\/\/kinana.es\/wordpress\/wp-json\/wp\/v2\/comments?post=543"}],"version-history":[{"count":50,"href":"https:\/\/kinana.es\/wordpress\/wp-json\/wp\/v2\/posts\/543\/revisions"}],"predecessor-version":[{"id":628,"href":"https:\/\/kinana.es\/wordpress\/wp-json\/wp\/v2\/posts\/543\/revisions\/628"}],"wp:attachment":[{"href":"https:\/\/kinana.es\/wordpress\/wp-json\/wp\/v2\/media?parent=543"}],"wp:term":[{"taxonomy":"category","embeddable":true,"href":"https:\/\/kinana.es\/wordpress\/wp-json\/wp\/v2\/categories?post=543"},{"taxonomy":"post_tag","embeddable":true,"href":"https:\/\/kinana.es\/wordpress\/wp-json\/wp\/v2\/tags?post=543"}],"curies":[{"name":"wp","href":"https:\/\/api.w.org\/{rel}","templated":true}]}}